{"id":12055,"date":"2026-04-01T07:46:46","date_gmt":"2026-04-01T07:46:46","guid":{"rendered":"https:\/\/www.iesmossenalcover.cat\/home\/?p=12055"},"modified":"2026-04-01T07:47:28","modified_gmt":"2026-04-01T07:47:28","slug":"convocatoria-de-beques-generals-del-mec-per-al-curs-2026-2027","status":"publish","type":"post","link":"https:\/\/www.iesmossenalcover.cat\/home\/convocatoria-de-beques-generals-del-mec-per-al-curs-2026-2027\/2026\/","title":{"rendered":"Convocat\u00f2ria de beques generals del MEC per al curs 2026-2027"},"content":{"rendered":"\n<figure class=\"wp-block-image size-full is-resized\"><img loading=\"lazy\" decoding=\"async\" width=\"354\" height=\"72\" src=\"https:\/\/iesmossenalcover.cat\/home\/wp-content\/uploads\/2026\/04\/image.png\" alt=\"\" class=\"wp-image-12057\" style=\"width:336px;height:auto\" srcset=\"https:\/\/iesmossenalcover.cat\/home\/wp-content\/uploads\/2026\/04\/image.png 354w, https:\/\/iesmossenalcover.cat\/home\/wp-content\/uploads\/2026\/04\/image-300x61.png 300w\" sizes=\"(max-width: 354px) 100vw, 354px\" \/><\/figure>\n\n\n\n<p>El Ministeri d&#8217;Educaci\u00f3 i Formaci\u00f3 Professional ha publicat la convocat\u00f2ria de beques per estudis postobligatoris no universitaris per al curs 2026-27.<\/p>\n\n\n\n<h3 class=\"wp-block-heading\" style=\"font-size:15px\">El termini per presentar les sol\u00b7licituds, a trav\u00e9s de la seu electr\u00f2nica del Ministeri, \u00e9s del 7 d&#8217;abril de 2026 a les 08:00 hores fins al 18 de maig de 2024 a les 15:00 hores.<\/h3>\n\n\n\n<p class=\"has-black-color has-luminous-vivid-amber-background-color has-text-color has-background has-link-color wp-elements-8dcc4ce56479c0f2292d54c2df974c85\">ACTUALITZACI\u00d3: El termini per presentar sol\u00b7licituds es prorroga fins al 18 de maig a les 15:00 hores (hora peninsular).<\/p>\n\n\n\n<p>Trobareu la informaci\u00f3 a l&#8217;enlla\u00e7 seg\u00fcent\u00a0\u00a0 <a href=\"https:\/\/www.becaseducacion.gob.es\/portada.html\" target=\"_blank\" rel=\"noreferrer noopener\">https:\/\/www.becaseducacion.gob.es\/portada.html<\/a><\/p>\n\n\n\n<p>Les sol\u00b7licituds s\u2019han d\u2019emplenar via telem\u00e0tica a trav\u00e9s de la seu electr\u00f2nica del Ministeri d\u2019Educaci\u00f3 i Formaci\u00f3 professional en la direcci\u00f3:<\/p>\n\n\n\n<p><a href=\"https:\/\/sede.educacion.gob.es\/portada.html\" target=\"_blank\" rel=\"noreferrer noopener\">https:\/\/sede.educacion.gob.es&nbsp;&nbsp;&nbsp;<\/a>o en&nbsp; <a href=\"https:\/\/www.educacionyfp.gob.es\/servicios-al-ciudadano\/catalogo\/estudiantes\/becas-ayudas\/para-estudiar.html\" target=\"_blank\" rel=\"noreferrer noopener\"><strong>http:\/\/www.educacionyfp.gob.es<\/strong><\/a><\/p>\n\n\n\n<h4 class=\"wp-block-heading\">El proc\u00e9s per sol\u00b7licitar la beca \u00e9s telem\u00e0tic. Necessitau tenir davant: els DNI de tots els membres de la unitat familiar i una cartilla del banc de la qual l\u2019alumne\/a en sigui titular o cotitular. Durant el proc\u00e9s anau guardant la informaci\u00f3.<\/h4>\n\n\n\n<h4 class=\"wp-block-heading\">Informar als sol\u00b7licitants que s\u00f3n causa de reintegrament de l\u2019ajuda: causar baixa en el centre abans de final de curs, no assistir a un 80% o m\u00e9s de les hores lectives, no superar el 50% de les assignatures, cr\u00e8dits o hores matriculades\u2026<\/h4>\n","protected":false},"excerpt":{"rendered":"<p>El Ministeri d&#8217;Educaci\u00f3 i Formaci\u00f3 Professional ha publicat la convocat\u00f2ria de beques per estudis postobligatoris no universitaris per al curs 2026-27. El termini per presentar les sol\u00b7licituds, a trav\u00e9s de &#8230;<\/p>\n","protected":false},"author":41,"featured_media":1930,"comment_status":"closed","ping_status":"open","sticky":false,"template":"","format":"standard","meta":{"footnotes":""},"categories":[106,1,115],"tags":[],"_links":{"self":[{"href":"https:\/\/www.iesmossenalcover.cat\/home\/wp-json\/wp\/v2\/posts\/12055"}],"collection":[{"href":"https:\/\/www.iesmossenalcover.cat\/home\/wp-json\/wp\/v2\/posts"}],"about":[{"href":"https:\/\/www.iesmossenalcover.cat\/home\/wp-json\/wp\/v2\/types\/post"}],"author":[{"embeddable":true,"href":"https:\/\/www.iesmossenalcover.cat\/home\/wp-json\/wp\/v2\/users\/41"}],"replies":[{"embeddable":true,"href":"https:\/\/www.iesmossenalcover.cat\/home\/wp-json\/wp\/v2\/comments?post=12055"}],"version-history":[{"count":1,"href":"https:\/\/www.iesmossenalcover.cat\/home\/wp-json\/wp\/v2\/posts\/12055\/revisions"}],"predecessor-version":[{"id":12058,"href":"https:\/\/www.iesmossenalcover.cat\/home\/wp-json\/wp\/v2\/posts\/12055\/revisions\/12058"}],"wp:featuredmedia":[{"embeddable":true,"href":"https:\/\/www.iesmossenalcover.cat\/home\/wp-json\/wp\/v2\/media\/1930"}],"wp:attachment":[{"href":"https:\/\/www.iesmossenalcover.cat\/home\/wp-json\/wp\/v2\/media?parent=12055"}],"wp:term":[{"taxonomy":"category","embeddable":true,"href":"https:\/\/www.iesmossenalcover.cat\/home\/wp-json\/wp\/v2\/categories?post=12055"},{"taxonomy":"post_tag","embeddable":true,"href":"https:\/\/www.iesmossenalcover.cat\/home\/wp-json\/wp\/v2\/tags?post=12055"}],"curies":[{"name":"wp","href":"https:\/\/api.w.org\/{rel}","templated":true}]}}